{"id":6906,"date":"2011-09-15T20:45:33","date_gmt":"2011-09-15T20:45:33","guid":{"rendered":"http:\/\/ecavpp.sk\/?p=177"},"modified":"2011-09-15T20:45:33","modified_gmt":"2011-09-15T20:45:33","slug":"modlitba-vdaky-2","status":"publish","type":"post","link":"https:\/\/ecavpp.sk\/data\/2011\/09\/modlitba-vdaky-2\/","title":{"rendered":"Modlitba v\u010faky"},"content":{"rendered":"<p><em>\u201eSt\u00e1le sa radujte, neprestajne sa modlite! Za v\u0161etko \u010fakujte, lebo tak\u00e1 je Bo\u017eia v\u00f4\u013ea\u00a0pri v\u00e1s v Kristu Je\u017ei\u0161ovi\u201c 1Tes 5:16-18<\/em><\/p>\n<p>U\u017e sme sa vr\u00e1tili zo svojich ciest \u2013 z v\u00fdletov, n\u00e1v\u0161tev a dovoleniek \u2013 do svojich\u00a0domovov. Mnoh\u00ed z n\u00e1s sa so sm\u00fatkom obzeraj\u00fa za uplynut\u00fdmi letn\u00fdmi pr\u00e1zdninami&#8230;\u00a0Apo\u0161tol Pavel n\u00e1s v\u0161ak vyz\u00fdva, aby sme si vo svojom srdci st\u00e1le pestovali rados\u0165, lebo\u00a0radostn\u00fd \u010dlovek je vn\u00fatorne siln\u00fd a aj odv\u00e1\u017enej\u0161\u00ed ako smutn\u00fd \u010dlovek.\u00a0Za\u017eili sme r\u00f4zne druhy radosti \u2013 zo stretnutia s pr\u00edjemn\u00fdmi \u013eu\u010fmi, z drobn\u00fdch vec\u00ed a\u00a0pekn\u00fdch z\u00e1\u017eitkov. Ale za\u017eili sme aj \u00fa\u017easn\u00fa Bo\u017eiu milos\u0165, ktorou n\u00e1s P\u00e1n Boh sprev\u00e1dzal na\u00a0na\u0161ich cest\u00e1ch, ochra\u0148oval, d\u00e1val nov\u00e9 sily a po\u017eehn\u00e1val. (Nie v\u017edy sme si to uvedomovali).\u00a0Ko\u013eko sme toho za posledn\u00e9 dva mesiace za\u017eili! Ak si ve\u010der prejdeme len udalosti d\u0148a, s\u00fa to\u00a0desiatky ba stovky drobn\u00fdch okamihov. Toho dobr\u00e9ho je viac ako zl\u00e9ho. A to n\u00e1s m\u00e1 vies\u0165\u00a0ku v\u010fa\u010dnosti. V\u010fa\u010dn\u00fd \u010dlovek si uvedomuje, komu je v\u010fa\u010dn\u00fd za svoju rados\u0165 a po\u017eehnanie.\u00a0V\u010fa\u010dn\u00fd \u010dlovek pozn\u00e1va na svojich cest\u00e1ch Bo\u017eiu milostiv\u00fa ruku, ktor\u00e1 ho vedie a ochra\u0148uje.\u00a0V\u010fa\u010dn\u00fd kres\u0165an je dobr\u00fdm svedectvom o Bo\u017eej milosti, ktor\u00e1 mu je zdrojom hlbokej radosti\u00a0aj uprostred ka\u017edodenn\u00fdch starost\u00ed a pri nesen\u00ed \u017eivotn\u00fdch bremien.\u00a0Ke\u010f vstupujeme do nov\u00fdch povinnost\u00ed na za\u010diatku nov\u00e9ho \u0161kolsk\u00e9ho roka,\u00a0nezab\u00fadajme sa radova\u0165 a v modlitbe \u010fakova\u0165 za nov\u00e9 pr\u00edle\u017eitosti pre n\u00e1\u0161 duchovn\u00fd rast, za\u00a0nov\u00e9 pr\u00edle\u017eitosti by\u0165 pre druh\u00fdch po\u017eehnan\u00edm.<\/p>\n<p><em>Dr. Libor Bedn\u00e1r, zborov\u00fd far\u00e1r<\/em><\/p>\n","protected":false},"excerpt":{"rendered":"<p>\u201eSt\u00e1le sa radujte, neprestajne sa modlite! Za v\u0161etko \u010fakujte, lebo tak\u00e1 je Bo\u017eia v\u00f4\u013ea\u00a0pri v\u00e1s v Kristu Je\u017ei\u0161ovi\u201c 1Tes 5:16-18 U\u017e sme sa vr\u00e1tili zo [&#8230;]<\/p>\n","protected":false},"author":3,"featured_media":0,"comment_status":"open","ping_status":"open","sticky":false,"template":"","format":"standard","meta":{"ngg_post_thumbnail":0,"footnotes":""},"categories":[5],"tags":[],"class_list":["post-6906","post","type-post","status-publish","format-standard","hentry","category-prihovory"],"_links":{"self":[{"href":"https:\/\/ecavpp.sk\/data\/wp-json\/wp\/v2\/posts\/6906","targetHints":{"allow":["GET"]}}],"collection":[{"href":"https:\/\/ecavpp.sk\/data\/wp-json\/wp\/v2\/posts"}],"about":[{"href":"https:\/\/ecavpp.sk\/data\/wp-json\/wp\/v2\/types\/post"}],"author":[{"embeddable":true,"href":"https:\/\/ecavpp.sk\/data\/wp-json\/wp\/v2\/users\/3"}],"replies":[{"embeddable":true,"href":"https:\/\/ecavpp.sk\/data\/wp-json\/wp\/v2\/comments?post=6906"}],"version-history":[{"count":0,"href":"https:\/\/ecavpp.sk\/data\/wp-json\/wp\/v2\/posts\/6906\/revisions"}],"wp:attachment":[{"href":"https:\/\/ecavpp.sk\/data\/wp-json\/wp\/v2\/media?parent=6906"}],"wp:term":[{"taxonomy":"category","embeddable":true,"href":"https:\/\/ecavpp.sk\/data\/wp-json\/wp\/v2\/categories?post=6906"},{"taxonomy":"post_tag","embeddable":true,"href":"https:\/\/ecavpp.sk\/data\/wp-json\/wp\/v2\/tags?post=6906"}],"curies":[{"name":"wp","href":"https:\/\/api.w.org\/{rel}","templated":true}]}}